{"id":395,"date":"2022-02-04T18:43:56","date_gmt":"2022-02-04T18:43:56","guid":{"rendered":"https:\/\/vikingpodden.no\/?p=395"},"modified":"2022-05-14T22:21:39","modified_gmt":"2022-05-14T22:21:39","slug":"joe-bell-om-overgangen","status":"publish","type":"post","link":"https:\/\/vikingpodden.no\/?p=395","title":{"rendered":"Joe Bell om overgangen:"},"content":{"rendered":"\n<h2 class=\"has-text-align-center\" id=\"en-del-av-planen-for-min-karriere\">&#8211; En del av planen for min karriere<\/h2>\n\n\n\n<div class=\"wp-block-image\"><figure class=\"aligncenter size-large is-resized\"><img loading=\"lazy\" src=\"https:\/\/vikingpodden.no\/wp-content\/uploads\/2022\/02\/IMG_4046-edited-2-scaled.jpg\" alt=\"\" class=\"wp-image-398\" width=\"640\" height=\"360\" srcset=\"https:\/\/vikingpodden.no\/wp-content\/uploads\/2022\/02\/IMG_4046-edited-2-scaled.jpg 2560w, https:\/\/vikingpodden.no\/wp-content\/uploads\/2022\/02\/IMG_4046-edited-2-300x169.jpg 300w, https:\/\/vikingpodden.no\/wp-content\/uploads\/2022\/02\/IMG_4046-edited-2-1024x576.jpg 1024w, https:\/\/vikingpodden.no\/wp-content\/uploads\/2022\/02\/IMG_4046-edited-2-768x432.jpg 768w, https:\/\/vikingpodden.no\/wp-content\/uploads\/2022\/02\/IMG_4046-edited-2-1536x864.jpg 1536w, https:\/\/vikingpodden.no\/wp-content\/uploads\/2022\/02\/IMG_4046-edited-2-2048x1151.jpg 2048w, https:\/\/vikingpodden.no\/wp-content\/uploads\/2022\/02\/IMG_4046-edited-2-1200x675.jpg 1200w, https:\/\/vikingpodden.no\/wp-content\/uploads\/2022\/02\/IMG_4046-edited-2-1980x1113.jpg 1980w\" sizes=\"(max-width: 640px) 100vw, 640px\" \/><figcaption>Joe Bell har vunnet sin siste duell som Vikingspiller. N\u00e5 sier han farvel til fansen via Vikingpodden.no.<\/figcaption><\/figure><\/div>\n\n\n\n<!--more-->\n\n\n\n<p class=\"has-text-color\" style=\"color:#130467\">Joe Bell har forlatt Viking og er n\u00e5 lagkamerat med Henrik Heggheim i danske Br\u00f8ndby. Overgangen ble bekreftet sent p\u00e5 danskenes deadline day. Tilbake i Stavanger sitter skuffede supportere som sp\u00f8r seg hvordan dette kunne skje. Vikingpodden har f\u00e5tt en eksklusiv mulighet til \u00e5 ta en prat og stille sp\u00f8rsm\u00e5lene videre til Joe Bell som for tiden befinner seg p\u00e5 treningsleir med sin nye klubb. Joe \u00f8nsket \u00e5 besvare Vikingpoddens sp\u00f8rsm\u00e5l skriftlig i form av et brev til fansen. <a rel=\"noreferrer noopener\" href=\"https:\/\/vikingpodden.no\/?p=389&amp;fbclid=IwAR3N-WDdkWMTh1pDEKEkCPghIKTGEXkqMdZa8uOMWEVgZa1t3IxZpYbC3-Y\" target=\"_blank\">Det kan du lese i sin helhet p\u00e5 originalspr\u00e5ket her<\/a>.<\/p>\n\n\n\n<h2 class=\"has-text-color\" id=\"innstilt-pa-a-fortsette-i-viking\" style=\"color:#130467\">Var innstilt p\u00e5 \u00e5 fortsette i Viking<\/h2>\n\n\n\n<div class=\"wp-block-image\"><figure class=\"alignleft size-large is-resized\"><img loading=\"lazy\" src=\"https:\/\/vikingpodden.no\/wp-content\/uploads\/2022\/02\/Skjermbilde-2022-02-04-kl.-03.20.45-790x1024.jpg\" alt=\"\" class=\"wp-image-391\" width=\"395\" height=\"512\" srcset=\"https:\/\/vikingpodden.no\/wp-content\/uploads\/2022\/02\/Skjermbilde-2022-02-04-kl.-03.20.45-790x1024.jpg 790w, https:\/\/vikingpodden.no\/wp-content\/uploads\/2022\/02\/Skjermbilde-2022-02-04-kl.-03.20.45-231x300.jpg 231w, https:\/\/vikingpodden.no\/wp-content\/uploads\/2022\/02\/Skjermbilde-2022-02-04-kl.-03.20.45-768x996.jpg 768w, https:\/\/vikingpodden.no\/wp-content\/uploads\/2022\/02\/Skjermbilde-2022-02-04-kl.-03.20.45-1185x1536.jpg 1185w, https:\/\/vikingpodden.no\/wp-content\/uploads\/2022\/02\/Skjermbilde-2022-02-04-kl.-03.20.45-1200x1556.jpg 1200w, https:\/\/vikingpodden.no\/wp-content\/uploads\/2022\/02\/Skjermbilde-2022-02-04-kl.-03.20.45.jpg 1362w\" sizes=\"(max-width: 395px) 100vw, 395px\" \/><figcaption><a href=\"https:\/\/www.youtube.com\/watch?v=yKBFrymPN0w&amp;t=25s\" target=\"_blank\" rel=\"noreferrer noopener\">Joe Bell snakker med Vikingpodden etter sin siste kamp for Viking<\/a><\/figcaption><\/figure><\/div>\n\n\n\n<p class=\"has-text-color\" style=\"color:#130467\">Det har v\u00e6rt noen innholdsrike d\u00f8gn for den unge New Zealandske midtbanespilleren. P\u00e5 landslagsoppdrag i Emiratene ble det noen hektiske timer p\u00e5 deadline day f\u00f8r han til slutt skrev under for sin nye klubb. Bell forteller at det har v\u00e6rt noen travle dager med reising, telefoner og mye som skal ordnes, men at det var godt \u00e5 m\u00f8te sine nye lagkamerater for f\u00f8rste gang onsdag 2. februar. &#8211; <em>Det er selvf\u00f8lgelig mange nye ting jeg m\u00e5 tilpasse meg og nye lagkamerater jeg m\u00e5 l\u00e6re \u00e5 kjenne, men det er spennende tider<\/em>.<\/p>\n\n\n\n<p class=\"has-text-color\" style=\"color:#130467\">Interessen og budet fra Br\u00f8ndby ble kjent for allmennheten p\u00e5 ettermiddagen mandag 31. januar. Bell har naturligvis visst om interessen noe lengre, men s\u00e5 for seg at det skulle bli m\u00f8rkebl\u00e5 drakt en stund til. &#8211; <em>Da deadline day startet var jeg egentlig veldig klar for \u00e5 m\u00f8te opp p\u00e5 Vikingtrening etter landslagssamlingen, men 24 timer senere var jeg Br\u00f8ndby-spiller<\/em>, forteller Bell. Han beskriver 31. januar som en \u201cvirvelvind\u201d av en dag som til slutt endte med en ny mulighet i et enda et nytt land.<\/p>\n\n\n\n<div style=\"height:2px\" aria-hidden=\"true\" class=\"wp-block-spacer\"><\/div>\n\n\n\n<h2 class=\"has-text-color\" id=\"innstilt-pa-a-fortsette-i-viking\" style=\"color:#130467\">&#8211; Den rette muligheten for meg<\/h2>\n\n\n\n<p class=\"has-primary-color has-subtle-background-background-color has-text-color has-background\">22-\u00e5ringen ser p\u00e5 Br\u00f8ndby som det perfekte neste steg: &#8211;<em> For meg har dette v\u00e6rt planen siden jeg forlot New Zealand for fem \u00e5r siden. Br\u00f8ndby IF er en prestisjetung klubb med en sterk historie. Det er det perfekte neste steget i min fotballkarriere. Jeg er utrolig takknemlig overfor Eirik Bj\u00f8rn\u00f8 og Erik Nevland for at de tillot meg \u00e5 fortsette p\u00e5 min vei videre.<\/em><\/p>\n\n\n\n<p class=\"has-text-color\" style=\"color:#130467\">Da overgangen ble bekreftet sent mandag kveld var det nok mange som satt med et s\u00e5ret m\u00f8rkebl\u00e5tt hjerte. Reaksjonene lot ikke vente p\u00e5 seg. Noen var lei seg, de fleste skuffet og noen direkte sinte. Mediene meldte at Bell hadde \u00f8nsket denne overgangen sterkt og derfor n\u00e6rmest hadde lagt press p\u00e5 Viking for \u00e5 f\u00e5 lov til \u00e5 forlate klubben. P\u00e5 sp\u00f8rsm\u00e5l om dette svarer han: &#8211; <em>Dette var en mulighet jeg \u00f8nsket \u00e5 gripe med tanke p\u00e5 min videre karriere. Jeg fikk l\u00f8fter fra klubben da jeg signerte at jeg skulle f\u00e5 lov til \u00e5 g\u00e5 videre n\u00e5r den rette muligheten kom, og det gjorde den n\u00e5. For meg er Br\u00f8ndby den rette muligheten.<\/em><\/p>\n\n\n\n<p class=\"has-subtle-background-background-color has-background\">Sett utenfra kan man argumentere for at alle kan v\u00e6re tjent med \u00e5 fortelle til media at spilleren selv har \u00f8nsket en overgang. Viking kan lettere \u201cselge inn\u201d\/forsvare salget overfor egne supportere og Br\u00f8ndby-fansen liker \u00e5 h\u00f8re at en spiller har et sterkt \u00f8nske om \u00e5 komme til deres klubb. <\/p>\n\n\n\n<div class=\"wp-block-image\"><figure class=\"aligncenter size-large is-resized\"><img loading=\"lazy\" src=\"https:\/\/vikingpodden.no\/wp-content\/uploads\/2022\/01\/arets-spiller-1-1024x1001.jpg\" alt=\"\" class=\"wp-image-384\" width=\"512\" height=\"501\" srcset=\"https:\/\/vikingpodden.no\/wp-content\/uploads\/2022\/01\/arets-spiller-1-1024x1001.jpg 1024w, https:\/\/vikingpodden.no\/wp-content\/uploads\/2022\/01\/arets-spiller-1-300x293.jpg 300w, https:\/\/vikingpodden.no\/wp-content\/uploads\/2022\/01\/arets-spiller-1-768x750.jpg 768w, https:\/\/vikingpodden.no\/wp-content\/uploads\/2022\/01\/arets-spiller-1-1536x1501.jpg 1536w, https:\/\/vikingpodden.no\/wp-content\/uploads\/2022\/01\/arets-spiller-1-2048x2001.jpg 2048w, https:\/\/vikingpodden.no\/wp-content\/uploads\/2022\/01\/arets-spiller-1-1200x1173.jpg 1200w, https:\/\/vikingpodden.no\/wp-content\/uploads\/2022\/01\/arets-spiller-1-1980x1935.jpg 1980w\" sizes=\"(max-width: 512px) 100vw, 512px\" \/><figcaption>Bell med ball.<\/figcaption><\/figure><\/div>\n\n\n\n<h2 class=\"has-text-color\" id=\"et-steg-opp\" style=\"color:#130467\">Et steg opp<\/h2>\n\n\n\n<p class=\"has-text-color\" style=\"color:#130467\">For mange nordmenn blir Br\u00f8ndby sett p\u00e5 som et for lite steg for en av Eliteseriens beste spillere. Ser man p\u00e5 tallene er det, dessverre, unektelig et steg opp. Br\u00f8ndby er regjerende mestere i Superligaen, spilte gruppespill i Europa League h\u00f8sten 2021 og har solgt spillere for over 130 millioner kroner bare i januar (if\u00f8lge <a href=\"https:\/\/www.transfermarkt.com\/brondby-if\/transfers\/verein\/206\">transfermakt<\/a>). Til klubber i bl.a Serie A, Bundesliga og MLS. I og med at de nylig solgte sin viktige midtbanespiller Morten Frendrup til Genoa er det n\u00e6rliggende \u00e5 tro at Bell vil g\u00e5 inn og spille en viktig rolle p\u00e5 direkten for en klubb som er p\u00e5 skuddhold til ligatittelen. Gj\u00f8r han det like godt i K\u00f8benhavn som i Stavanger er det store sjanser for at veien er kort til en enda st\u00f8rre klubb og liga. <\/p>\n\n\n\n<p class=\"has-subtle-background-background-color has-background\">S\u00e5nn sett er historien om Joe Bell og Viking en suksesshistorie som Viking kan v\u00e6re forn\u00f8yd med, og som kan brukes n\u00e5r de skal selge seg inn til unge lovende spillere som ikke er siddiser. Bell fortalte selv, i <a rel=\"noreferrer noopener\" href=\"https:\/\/open.spotify.com\/episode\/77atPQRSVJTXq9P7e6kA4H?si=YIu4woLATOixixZXebNaQw\" target=\"_blank\">Vikingpoddens episode #38<\/a>, at dette var viktig for han da han tok valget om \u00e5 signere for Viking f\u00f8r 2020-sesongen. Da hadde Viking bl.a nettopp solgt Kristian Thorstvedt til Genk. Vi m\u00e5 huske at Viking hentet Bell s\u00e5 og si gratis og kan f\u00e5 opp mot 20 millioner om alt klaffer.<\/p>\n\n\n\n<div class=\"wp-block-image\"><figure class=\"aligncenter size-large is-resized\"><img loading=\"lazy\" src=\"https:\/\/vikingpodden.no\/wp-content\/uploads\/2022\/02\/e38-1024x1024.jpg\" alt=\"\" class=\"wp-image-393\" width=\"293\" height=\"293\" srcset=\"https:\/\/vikingpodden.no\/wp-content\/uploads\/2022\/02\/e38-1024x1024.jpg 1024w, https:\/\/vikingpodden.no\/wp-content\/uploads\/2022\/02\/e38-300x300.jpg 300w, https:\/\/vikingpodden.no\/wp-content\/uploads\/2022\/02\/e38-150x150.jpg 150w, https:\/\/vikingpodden.no\/wp-content\/uploads\/2022\/02\/e38-768x768.jpg 768w, https:\/\/vikingpodden.no\/wp-content\/uploads\/2022\/02\/e38-1536x1536.jpg 1536w, https:\/\/vikingpodden.no\/wp-content\/uploads\/2022\/02\/e38-1200x1200.jpg 1200w, https:\/\/vikingpodden.no\/wp-content\/uploads\/2022\/02\/e38.jpg 1600w\" sizes=\"(max-width: 293px) 100vw, 293px\" \/><figcaption>Bli bedre kjent med Joe Bell i Vikingpoddens episode 38<\/figcaption><\/figure><\/div>\n\n\n\n<p class=\"has-text-color\" style=\"color:#130467\">S\u00e5 h\u00e5per vi i Vikingpodden at Viking n\u00e5 tar steg som klubb som gj\u00f8r at ingen unge spillere ser p\u00e5 en overgang til Danmark som et steg opp fra Viking. Fortsetter Viking utviklingen og kvalifiserer seg til gruppespill i Europa jevnlig &#8211; noe vi h\u00e5per og dr\u00f8mmer om &#8211; vil vi kanskje kunne slippe \u00e5 se denne typen overganger til mindre europeiske ligaer i framtiden.<\/p>\n\n\n\n<h2 class=\"has-text-color\" id=\"norges-beste-supportere\" style=\"color:#130467\">Norges beste supportere<\/h2>\n\n\n\n<p class=\"has-subtle-background-background-color has-background\">Selv om han er forn\u00f8yd med \u00e5 ha signert for Br\u00f8ndby og optimistisk med tanke p\u00e5 hva fremtiden bringer, er Joe klar p\u00e5 at det er trist \u00e5 forlate Viking, Stavanger og det han beskriver som Norges utvilsomt beste supportere: &#8211; <em>Jeg kan ikke f\u00e5 takket Vikingfansen nok for den enorme st\u00f8tten dere har gitt til meg og klubben de siste to \u00e5rene<\/em>, lyder det i Bells avskjedsbrev (<a href=\"https:\/\/vikingpodden.no\/?p=389&amp;fbclid=IwAR3N-WDdkWMTh1pDEKEkCPghIKTGEXkqMdZa8uOMWEVgZa1t3IxZpYbC3-Y\" target=\"_blank\" rel=\"noreferrer noopener\">som du kan lese i sin helhet her<\/a>). Dette er ogs\u00e5 noe han har snakket lidenskapelig om under tiden sin i Stavanger. Han tilegner en stor del av \u00e6ren for Vikings suksess til fansen. Tr\u00f8kket fra en fullsatt SR-Bank Arena vil han aldri glemme. Han trekker ogs\u00e5 frem sesongens siste kamp i Troms\u00f8: &#8211; <em>Et av mine kj\u00e6reste minner kommer til \u00e5 v\u00e6re \u00e5 g\u00e5 ut til et hav av supportere i bl\u00e5tt og hvitt som lagde s\u00e5 mye lyd det knapt er mulig at 500 mennesker kan lage<\/em>.<\/p>\n\n\n\n<figure class=\"wp-block-image size-large\"><img loading=\"lazy\" width=\"2560\" height=\"1438\" src=\"https:\/\/vikingpodden.no\/wp-content\/uploads\/2022\/02\/LAG-edited-scaled.jpg\" alt=\"\" class=\"wp-image-399\" srcset=\"https:\/\/vikingpodden.no\/wp-content\/uploads\/2022\/02\/LAG-edited-scaled.jpg 2560w, https:\/\/vikingpodden.no\/wp-content\/uploads\/2022\/02\/LAG-edited-300x169.jpg 300w, https:\/\/vikingpodden.no\/wp-content\/uploads\/2022\/02\/LAG-edited-1024x575.jpg 1024w, https:\/\/vikingpodden.no\/wp-content\/uploads\/2022\/02\/LAG-edited-768x431.jpg 768w, https:\/\/vikingpodden.no\/wp-content\/uploads\/2022\/02\/LAG-edited-1536x863.jpg 1536w, https:\/\/vikingpodden.no\/wp-content\/uploads\/2022\/02\/LAG-edited-2048x1151.jpg 2048w, https:\/\/vikingpodden.no\/wp-content\/uploads\/2022\/02\/LAG-edited-1200x674.jpg 1200w, https:\/\/vikingpodden.no\/wp-content\/uploads\/2022\/02\/LAG-edited-1980x1112.jpg 1980w\" sizes=\"(max-width: 2560px) 100vw, 2560px\" \/><figcaption>Joe Bell er takknemlig for \u00e5 ha v\u00e6rt en del av Viking.<\/figcaption><\/figure>\n\n\n\n<p class=\"has-text-color\" style=\"color:#130467\">I tillegg til supporterne er det ogs\u00e5 trist \u00e5 forlate lagkameratene, beskriver Bell. Det har v\u00e6rt to t\u00f8ffe \u00e5r langt hjemmefra. F\u00f8r han m\u00f8tte familien sin i USA i desember 2021 hadde han ikke truffet familien sin siden han signerte for Viking i januar 2020. Bell beskriver Vikingspillerne som en spesiell gruppe og at de har v\u00e6rt som en familie for ham. Han f\u00f8ler seg trygg p\u00e5 at fansen ikke trenger \u00e5 frykte at de m\u00f8rkebl\u00e5 vil slite med \u00e5 erstatte ham: &#8211; <em>Jeg vet, basert p\u00e5 spillernes tiln\u00e6rming til fotballen og lidenskap for klubben, at det vil bli enda et \u00e5r med suksess<\/em>.<\/p>\n\n\n\n<h2 class=\"has-text-color\" id=\"takk\" style=\"color:#130467\">Takk!<\/h2>\n\n\n\n<p class=\"has-subtle-background-background-color has-background\">Han retter ogs\u00e5 en stor takk til Vikings trenerduo for deres viktige rolle i hans utvikling som fotballspiller. &#8211; <em>Uten dem ville jeg aldri v\u00e6rt der jeg er i dag<\/em>. Bell beskriver Batty og Jensen som to fantastiske trenere med en dyp og inderlig lidenskap for klubben.<\/p>\n\n\n\n<p class=\"has-text-color\" style=\"color:#130467\">Joe avslutter sin skriftlige hilsen med \u00e5 takke Vikingfamilien for alle de gode minnene han tar med seg videre.<\/p>\n\n\n\n<p class=\"has-text-color\" style=\"color:#130467\">Vikingpodden vil til slutt benytte anledningen til \u00e5 takke Joe for to fine \u00e5r i Vikingdrakten og \u00f8nske ham lykke til i Br\u00f8ndby.<\/p>\n","protected":false},"excerpt":{"rendered":"<p>&#8211; En del av planen for min karriere<\/p>\n","protected":false},"author":3,"featured_media":0,"comment_status":"closed","ping_status":"closed","sticky":false,"template":"","format":"standard","meta":[],"categories":[15],"tags":[7,14],"_links":{"self":[{"href":"https:\/\/vikingpodden.no\/index.php?rest_route=\/wp\/v2\/posts\/395"}],"collection":[{"href":"https:\/\/vikingpodden.no\/index.php?rest_route=\/wp\/v2\/posts"}],"about":[{"href":"https:\/\/vikingpodden.no\/index.php?rest_route=\/wp\/v2\/types\/post"}],"author":[{"embeddable":true,"href":"https:\/\/vikingpodden.no\/index.php?rest_route=\/wp\/v2\/users\/3"}],"replies":[{"embeddable":true,"href":"https:\/\/vikingpodden.no\/index.php?rest_route=%2Fwp%2Fv2%2Fcomments&post=395"}],"version-history":[{"count":12,"href":"https:\/\/vikingpodden.no\/index.php?rest_route=\/wp\/v2\/posts\/395\/revisions"}],"predecessor-version":[{"id":503,"href":"https:\/\/vikingpodden.no\/index.php?rest_route=\/wp\/v2\/posts\/395\/revisions\/503"}],"wp:attachment":[{"href":"https:\/\/vikingpodden.no\/index.php?rest_route=%2Fwp%2Fv2%2Fmedia&parent=395"}],"wp:term":[{"taxonomy":"category","embeddable":true,"href":"https:\/\/vikingpodden.no\/index.php?rest_route=%2Fwp%2Fv2%2Fcategories&post=395"},{"taxonomy":"post_tag","embeddable":true,"href":"https:\/\/vikingpodden.no\/index.php?rest_route=%2Fwp%2Fv2%2Ftags&post=395"}],"curies":[{"name":"wp","href":"https:\/\/api.w.org\/{rel}","templated":true}]}}